{"id":7765,"date":"2024-04-24T16:35:38","date_gmt":"2024-04-24T13:35:38","guid":{"rendered":"https:\/\/vlantana.eu\/2024\/04\/24\/2023-m-vlantana-tvarumo-ataskaita-lyderyste-tvarioje-ir-socialiai-atsakingoje-logistikoje\/"},"modified":"2024-04-24T16:36:45","modified_gmt":"2024-04-24T13:36:45","slug":"2023-m-vlantana-tvarumo-ataskaita-lyderyste-tvarioje-ir-socialiai-atsakingoje-logistikoje","status":"publish","type":"post","link":"https:\/\/vlantana.eu\/lt\/2024\/04\/24\/2023-m-vlantana-tvarumo-ataskaita-lyderyste-tvarioje-ir-socialiai-atsakingoje-logistikoje\/","title":{"rendered":"2023 m. Vlantana tvarumo ataskaita: Lyderyst\u0117 tvarioje ir socialiai atsakingoje logistikoje"},"content":{"rendered":"\n<p>Vlantana su did\u017eiuliu pasidid\u017eiavimu pristato 2023 m. Socialin\u0117s atsakomyb\u0117s (CSR) ataskait\u0105, kuri yra m\u016bs\u0173 nuoseklaus \u012fsipareigojimo lyderiauti tvarioje ir atsakingoje logistikoje \u012frodymas.<\/p>\n\n<p>Naviguodama sud\u0117tingame ir i\u0161\u0161\u016bki\u0173 pilname laikotarpyje Vlantana i\u0161lieka tvirtai \u012fsipareigojusi tvariai ir atsakingai veiklai. Mums svarbu, kokioje planetoje kuriame versl\u0105, kokioje planetoje augs jaunoji karta. \u0160ioje ataskaitoje atsispindi m\u016bs\u0173 po\u017ei\u016bris \u012f tvarum\u0105 ir atsakingas verslo praktikas \u2013 nuo aplinkosaugini\u0173 iniciatyv\u0173 iki atsaking\u0173 bei eti\u0161k\u0173 \u017emogi\u0161k\u0173j\u0173 i\u0161tekli\u0173 valdymo veikl\u0173.<\/p>\n\n<p>Ataskaitoje i\u0161samiai apra\u0161omas m\u016bs\u0173 aktyvus po\u017ei\u016bris \u012f CO2 ma\u017einim\u0105, tokius kaip LBG ir LNG varom\u0173 sunkve\u017eimi\u0173 parko pl\u0117tra ir atsinaujinan\u010di\u0173 energijos \u0161altini\u0173 naudojimas m\u016bs\u0173 operacijose. Taip pat t\u0119siame skaitmenin\u0117s transformacijos pastangas, didindami efektyvum\u0105 ir ma\u017eindami atliek\u0173, ypa\u010d popieriaus, kiek\u012f.<\/p>\n\n<p>Kvie\u010diame visus suinteresuotuosius subjektus, \u012fskaitant klientus, partnerius ir darbuotojus, susipa\u017einti su visa ataskaita ir prisijungti prie m\u016bs\u0173 kelion\u0117s link tvarios ateities. Kartu mes nustatome naujus transport ir logistikos pramon\u0117s standartus ir prisidedame prie tvaresn\u0117s planetos k\u016brimo.<\/p>\n\n<p>Susipa\u017einkite su pilna ataskaita <a href=\"https:\/\/bit.ly\/VlantanaCSR\"><strong>\u010dia.<\/strong><\/a><\/p>\n\n<div style=\"height:20px\" aria-hidden=\"true\" class=\"wp-block-spacer\"><\/div>\n\n<figure class=\"wp-block-image size-large is-resized\"><img loading=\"lazy\" decoding=\"async\" width=\"791\" height=\"1024\" src=\"https:\/\/vlantana.eu\/wp-content\/uploads\/2024\/04\/Screenshot-2024-04-15-133647-2-791x1024.png\" alt=\"\" class=\"wp-image-7757\" style=\"width:519px;height:auto\" srcset=\"https:\/\/vlantana.eu\/wp-content\/uploads\/2024\/04\/Screenshot-2024-04-15-133647-2-791x1024.png 791w, https:\/\/vlantana.eu\/wp-content\/uploads\/2024\/04\/Screenshot-2024-04-15-133647-2-232x300.png 232w, https:\/\/vlantana.eu\/wp-content\/uploads\/2024\/04\/Screenshot-2024-04-15-133647-2-768x994.png 768w, https:\/\/vlantana.eu\/wp-content\/uploads\/2024\/04\/Screenshot-2024-04-15-133647-2.png 886w\" sizes=\"(max-width: 791px) 100vw, 791px\" \/><\/figure>\n","protected":false},"excerpt":{"rendered":"<p>Vlantana su did\u017eiuliu pasidid\u017eiavimu pristato 2023 m. Socialin\u0117s atsakomyb\u0117s (CSR) ataskait\u0105, kuri yra m\u016bs\u0173 nuoseklaus \u012fsipareigojimo lyderiauti tvarioje ir atsakingoje logistikoje \u012frodymas. Naviguodama sud\u0117tingame ir i\u0161\u0161\u016bki\u0173 pilname laikotarpyje Vlantana i\u0161lieka tvirtai \u012fsipareigojusi tvariai ir atsakingai veiklai. Mums svarbu, kokioje planetoje kuriame versl\u0105, kokioje planetoje augs jaunoji karta. \u0160ioje ataskaitoje atsispindi m\u016bs\u0173 po\u017ei\u016bris \u012f tvarum\u0105 ir [&hellip;]<\/p>\n","protected":false},"author":6,"featured_media":7744,"comment_status":"open","ping_status":"open","sticky":false,"template":"","format":"standard","meta":{"_acf_changed":false,"inline_featured_image":false,"footnotes":""},"categories":[8],"tags":[107,105,106],"class_list":["post-7765","post","type-post","status-publish","format-standard","has-post-thumbnail","hentry","category-naujienos","tag-csr-lt","tag-tvarumas","tag-vlantana-lt"],"acf":[],"yoast_head":"<!-- This site is optimized with the Yoast SEO plugin v25.6 - https:\/\/yoast.com\/wordpress\/plugins\/seo\/ -->\n<title>2023 m. Vlantana tvarumo ataskaita<\/title>\n<meta name=\"description\" content=\"Susipa\u017einkite su &quot;Vlantana&quot; 2023 m. \u012fmoni\u0173 socialin\u0117s atsakomyb\u0117s ataskaita, kurioje atsispindi m\u016bs\u0173 \u012fsipareigojimas tvarumui ir atsakingai logistikai. Atraskite m\u016bs\u0173 iniciatyvas \u2013 nuo ekologi\u0161k\u0173 transporto priemoni\u0173 park\u0173 pl\u0117tros iki atliek\u0173 kiek\u012f ma\u017einan\u010di\u0173 skaitmenini\u0173 transformacij\u0173. Prisijunkite prie m\u016bs\u0173 kuriant tvari\u0105 ateit\u012f.\" \/>\n<meta name=\"robots\" content=\"index, follow, max-snippet:-1, max-image-preview:large, max-video-preview:-1\" \/>\n<link rel=\"canonical\" href=\"https:\/\/vlantana.eu\/lt\/2024\/04\/24\/2023-m-vlantana-tvarumo-ataskaita-lyderyste-tvarioje-ir-socialiai-atsakingoje-logistikoje\/\" \/>\n<meta property=\"og:locale\" content=\"lt_LT\" \/>\n<meta property=\"og:type\" content=\"article\" \/>\n<meta property=\"og:title\" content=\"2023 m. Vlantana tvarumo ataskaita\" \/>\n<meta property=\"og:description\" content=\"Susipa\u017einkite su &quot;Vlantana&quot; 2023 m. \u012fmoni\u0173 socialin\u0117s atsakomyb\u0117s ataskaita, kurioje atsispindi m\u016bs\u0173 \u012fsipareigojimas tvarumui ir atsakingai logistikai. Atraskite m\u016bs\u0173 iniciatyvas \u2013 nuo ekologi\u0161k\u0173 transporto priemoni\u0173 park\u0173 pl\u0117tros iki atliek\u0173 kiek\u012f ma\u017einan\u010di\u0173 skaitmenini\u0173 transformacij\u0173. Prisijunkite prie m\u016bs\u0173 kuriant tvari\u0105 ateit\u012f.\" \/>\n<meta property=\"og:url\" content=\"https:\/\/vlantana.eu\/lt\/2024\/04\/24\/2023-m-vlantana-tvarumo-ataskaita-lyderyste-tvarioje-ir-socialiai-atsakingoje-logistikoje\/\" \/>\n<meta property=\"og:site_name\" content=\"Vlantana\" \/>\n<meta property=\"article:publisher\" content=\"https:\/\/www.facebook.com\/Vlantana\/\" \/>\n<meta property=\"article:published_time\" content=\"2024-04-24T13:35:38+00:00\" \/>\n<meta property=\"article:modified_time\" content=\"2024-04-24T13:36:45+00:00\" \/>\n<meta property=\"og:image\" content=\"https:\/\/vlantana.eu\/wp-content\/uploads\/2024\/04\/Screenshot-2024-04-15-133647-1.png\" \/>\n\t<meta property=\"og:image:width\" content=\"886\" \/>\n\t<meta property=\"og:image:height\" content=\"1147\" \/>\n\t<meta property=\"og:image:type\" content=\"image\/png\" \/>\n<meta name=\"author\" content=\"Indr\u0117 Sr\u0117bali\u016bt\u0117-Kliminsk\u0117\" \/>\n<meta name=\"twitter:card\" content=\"summary_large_image\" \/>\n<meta name=\"twitter:label1\" content=\"Written by\" \/>\n\t<meta name=\"twitter:data1\" content=\"Indr\u0117 Sr\u0117bali\u016bt\u0117-Kliminsk\u0117\" \/>\n\t<meta name=\"twitter:label2\" content=\"Est. reading time\" \/>\n\t<meta name=\"twitter:data2\" content=\"1 minut\u0117\" \/>\n<script type=\"application\/ld+json\" class=\"yoast-schema-graph\">{\"@context\":\"https:\/\/schema.org\",\"@graph\":[{\"@type\":\"Article\",\"@id\":\"https:\/\/vlantana.eu\/lt\/2024\/04\/24\/2023-m-vlantana-tvarumo-ataskaita-lyderyste-tvarioje-ir-socialiai-atsakingoje-logistikoje\/#article\",\"isPartOf\":{\"@id\":\"https:\/\/vlantana.eu\/lt\/2024\/04\/24\/2023-m-vlantana-tvarumo-ataskaita-lyderyste-tvarioje-ir-socialiai-atsakingoje-logistikoje\/\"},\"author\":{\"name\":\"Indr\u0117 Sr\u0117bali\u016bt\u0117-Kliminsk\u0117\",\"@id\":\"https:\/\/vlantana.eu\/lt\/#\/schema\/person\/1cea88ea4d2825bf9ab500331d09d6d1\"},\"headline\":\"2023 m. Vlantana tvarumo ataskaita: Lyderyst\u0117 tvarioje ir socialiai atsakingoje logistikoje\",\"datePublished\":\"2024-04-24T13:35:38+00:00\",\"dateModified\":\"2024-04-24T13:36:45+00:00\",\"mainEntityOfPage\":{\"@id\":\"https:\/\/vlantana.eu\/lt\/2024\/04\/24\/2023-m-vlantana-tvarumo-ataskaita-lyderyste-tvarioje-ir-socialiai-atsakingoje-logistikoje\/\"},\"wordCount\":192,\"commentCount\":0,\"publisher\":{\"@id\":\"https:\/\/vlantana.eu\/lt\/#organization\"},\"image\":{\"@id\":\"https:\/\/vlantana.eu\/lt\/2024\/04\/24\/2023-m-vlantana-tvarumo-ataskaita-lyderyste-tvarioje-ir-socialiai-atsakingoje-logistikoje\/#primaryimage\"},\"thumbnailUrl\":\"https:\/\/vlantana.eu\/wp-content\/uploads\/2024\/04\/Screenshot-2024-04-15-133647-1.png\",\"keywords\":[\"CSR\",\"Tvarumas\",\"vlantana\"],\"articleSection\":[\"Naujienos\"],\"inLanguage\":\"lt-LT\",\"potentialAction\":[{\"@type\":\"CommentAction\",\"name\":\"Comment\",\"target\":[\"https:\/\/vlantana.eu\/lt\/2024\/04\/24\/2023-m-vlantana-tvarumo-ataskaita-lyderyste-tvarioje-ir-socialiai-atsakingoje-logistikoje\/#respond\"]}]},{\"@type\":\"WebPage\",\"@id\":\"https:\/\/vlantana.eu\/lt\/2024\/04\/24\/2023-m-vlantana-tvarumo-ataskaita-lyderyste-tvarioje-ir-socialiai-atsakingoje-logistikoje\/\",\"url\":\"https:\/\/vlantana.eu\/lt\/2024\/04\/24\/2023-m-vlantana-tvarumo-ataskaita-lyderyste-tvarioje-ir-socialiai-atsakingoje-logistikoje\/\",\"name\":\"2023 m. Vlantana tvarumo ataskaita\",\"isPartOf\":{\"@id\":\"https:\/\/vlantana.eu\/lt\/#website\"},\"primaryImageOfPage\":{\"@id\":\"https:\/\/vlantana.eu\/lt\/2024\/04\/24\/2023-m-vlantana-tvarumo-ataskaita-lyderyste-tvarioje-ir-socialiai-atsakingoje-logistikoje\/#primaryimage\"},\"image\":{\"@id\":\"https:\/\/vlantana.eu\/lt\/2024\/04\/24\/2023-m-vlantana-tvarumo-ataskaita-lyderyste-tvarioje-ir-socialiai-atsakingoje-logistikoje\/#primaryimage\"},\"thumbnailUrl\":\"https:\/\/vlantana.eu\/wp-content\/uploads\/2024\/04\/Screenshot-2024-04-15-133647-1.png\",\"datePublished\":\"2024-04-24T13:35:38+00:00\",\"dateModified\":\"2024-04-24T13:36:45+00:00\",\"description\":\"Susipa\u017einkite su \\\"Vlantana\\\" 2023 m. \u012fmoni\u0173 socialin\u0117s atsakomyb\u0117s ataskaita, kurioje atsispindi m\u016bs\u0173 \u012fsipareigojimas tvarumui ir atsakingai logistikai. Atraskite m\u016bs\u0173 iniciatyvas \u2013 nuo ekologi\u0161k\u0173 transporto priemoni\u0173 park\u0173 pl\u0117tros iki atliek\u0173 kiek\u012f ma\u017einan\u010di\u0173 skaitmenini\u0173 transformacij\u0173. Prisijunkite prie m\u016bs\u0173 kuriant tvari\u0105 ateit\u012f.\",\"breadcrumb\":{\"@id\":\"https:\/\/vlantana.eu\/lt\/2024\/04\/24\/2023-m-vlantana-tvarumo-ataskaita-lyderyste-tvarioje-ir-socialiai-atsakingoje-logistikoje\/#breadcrumb\"},\"inLanguage\":\"lt-LT\",\"potentialAction\":[{\"@type\":\"ReadAction\",\"target\":[\"https:\/\/vlantana.eu\/lt\/2024\/04\/24\/2023-m-vlantana-tvarumo-ataskaita-lyderyste-tvarioje-ir-socialiai-atsakingoje-logistikoje\/\"]}]},{\"@type\":\"ImageObject\",\"inLanguage\":\"lt-LT\",\"@id\":\"https:\/\/vlantana.eu\/lt\/2024\/04\/24\/2023-m-vlantana-tvarumo-ataskaita-lyderyste-tvarioje-ir-socialiai-atsakingoje-logistikoje\/#primaryimage\",\"url\":\"https:\/\/vlantana.eu\/wp-content\/uploads\/2024\/04\/Screenshot-2024-04-15-133647-1.png\",\"contentUrl\":\"https:\/\/vlantana.eu\/wp-content\/uploads\/2024\/04\/Screenshot-2024-04-15-133647-1.png\",\"width\":886,\"height\":1147},{\"@type\":\"BreadcrumbList\",\"@id\":\"https:\/\/vlantana.eu\/lt\/2024\/04\/24\/2023-m-vlantana-tvarumo-ataskaita-lyderyste-tvarioje-ir-socialiai-atsakingoje-logistikoje\/#breadcrumb\",\"itemListElement\":[{\"@type\":\"ListItem\",\"position\":1,\"name\":\"Home\",\"item\":\"https:\/\/vlantana.eu\/lt\/\"},{\"@type\":\"ListItem\",\"position\":2,\"name\":\"2023 m. Vlantana tvarumo ataskaita: Lyderyst\u0117 tvarioje ir socialiai atsakingoje logistikoje\"}]},{\"@type\":\"WebSite\",\"@id\":\"https:\/\/vlantana.eu\/lt\/#website\",\"url\":\"https:\/\/vlantana.eu\/lt\/\",\"name\":\"Vlantana\",\"description\":\"\",\"publisher\":{\"@id\":\"https:\/\/vlantana.eu\/lt\/#organization\"},\"potentialAction\":[{\"@type\":\"SearchAction\",\"target\":{\"@type\":\"EntryPoint\",\"urlTemplate\":\"https:\/\/vlantana.eu\/lt\/?s={search_term_string}\"},\"query-input\":{\"@type\":\"PropertyValueSpecification\",\"valueRequired\":true,\"valueName\":\"search_term_string\"}}],\"inLanguage\":\"lt-LT\"},{\"@type\":\"Organization\",\"@id\":\"https:\/\/vlantana.eu\/lt\/#organization\",\"name\":\"Vlantana\",\"url\":\"https:\/\/vlantana.eu\/lt\/\",\"logo\":{\"@type\":\"ImageObject\",\"inLanguage\":\"lt-LT\",\"@id\":\"https:\/\/vlantana.eu\/lt\/#\/schema\/logo\/image\/\",\"url\":\"https:\/\/vlantana.eu\/wp-content\/uploads\/2020\/05\/VL-logo-spal.svg\",\"contentUrl\":\"https:\/\/vlantana.eu\/wp-content\/uploads\/2020\/05\/VL-logo-spal.svg\",\"width\":\"1024\",\"height\":\"1024\",\"caption\":\"Vlantana\"},\"image\":{\"@id\":\"https:\/\/vlantana.eu\/lt\/#\/schema\/logo\/image\/\"},\"sameAs\":[\"https:\/\/www.facebook.com\/Vlantana\/\",\"https:\/\/www.linkedin.com\/company\/vlantana-uab\"]},{\"@type\":\"Person\",\"@id\":\"https:\/\/vlantana.eu\/lt\/#\/schema\/person\/1cea88ea4d2825bf9ab500331d09d6d1\",\"name\":\"Indr\u0117 Sr\u0117bali\u016bt\u0117-Kliminsk\u0117\"}]}<\/script>\n<!-- \/ Yoast SEO plugin. -->","yoast_head_json":{"title":"2023 m. Vlantana tvarumo ataskaita","description":"Susipa\u017einkite su \"Vlantana\" 2023 m. \u012fmoni\u0173 socialin\u0117s atsakomyb\u0117s ataskaita, kurioje atsispindi m\u016bs\u0173 \u012fsipareigojimas tvarumui ir atsakingai logistikai. Atraskite m\u016bs\u0173 iniciatyvas \u2013 nuo ekologi\u0161k\u0173 transporto priemoni\u0173 park\u0173 pl\u0117tros iki atliek\u0173 kiek\u012f ma\u017einan\u010di\u0173 skaitmenini\u0173 transformacij\u0173. Prisijunkite prie m\u016bs\u0173 kuriant tvari\u0105 ateit\u012f.","robots":{"index":"index","follow":"follow","max-snippet":"max-snippet:-1","max-image-preview":"max-image-preview:large","max-video-preview":"max-video-preview:-1"},"canonical":"https:\/\/vlantana.eu\/lt\/2024\/04\/24\/2023-m-vlantana-tvarumo-ataskaita-lyderyste-tvarioje-ir-socialiai-atsakingoje-logistikoje\/","og_locale":"lt_LT","og_type":"article","og_title":"2023 m. Vlantana tvarumo ataskaita","og_description":"Susipa\u017einkite su \"Vlantana\" 2023 m. \u012fmoni\u0173 socialin\u0117s atsakomyb\u0117s ataskaita, kurioje atsispindi m\u016bs\u0173 \u012fsipareigojimas tvarumui ir atsakingai logistikai. Atraskite m\u016bs\u0173 iniciatyvas \u2013 nuo ekologi\u0161k\u0173 transporto priemoni\u0173 park\u0173 pl\u0117tros iki atliek\u0173 kiek\u012f ma\u017einan\u010di\u0173 skaitmenini\u0173 transformacij\u0173. Prisijunkite prie m\u016bs\u0173 kuriant tvari\u0105 ateit\u012f.","og_url":"https:\/\/vlantana.eu\/lt\/2024\/04\/24\/2023-m-vlantana-tvarumo-ataskaita-lyderyste-tvarioje-ir-socialiai-atsakingoje-logistikoje\/","og_site_name":"Vlantana","article_publisher":"https:\/\/www.facebook.com\/Vlantana\/","article_published_time":"2024-04-24T13:35:38+00:00","article_modified_time":"2024-04-24T13:36:45+00:00","og_image":[{"width":886,"height":1147,"url":"https:\/\/vlantana.eu\/wp-content\/uploads\/2024\/04\/Screenshot-2024-04-15-133647-1.png","type":"image\/png"}],"author":"Indr\u0117 Sr\u0117bali\u016bt\u0117-Kliminsk\u0117","twitter_card":"summary_large_image","twitter_misc":{"Written by":"Indr\u0117 Sr\u0117bali\u016bt\u0117-Kliminsk\u0117","Est. reading time":"1 minut\u0117"},"schema":{"@context":"https:\/\/schema.org","@graph":[{"@type":"Article","@id":"https:\/\/vlantana.eu\/lt\/2024\/04\/24\/2023-m-vlantana-tvarumo-ataskaita-lyderyste-tvarioje-ir-socialiai-atsakingoje-logistikoje\/#article","isPartOf":{"@id":"https:\/\/vlantana.eu\/lt\/2024\/04\/24\/2023-m-vlantana-tvarumo-ataskaita-lyderyste-tvarioje-ir-socialiai-atsakingoje-logistikoje\/"},"author":{"name":"Indr\u0117 Sr\u0117bali\u016bt\u0117-Kliminsk\u0117","@id":"https:\/\/vlantana.eu\/lt\/#\/schema\/person\/1cea88ea4d2825bf9ab500331d09d6d1"},"headline":"2023 m. Vlantana tvarumo ataskaita: Lyderyst\u0117 tvarioje ir socialiai atsakingoje logistikoje","datePublished":"2024-04-24T13:35:38+00:00","dateModified":"2024-04-24T13:36:45+00:00","mainEntityOfPage":{"@id":"https:\/\/vlantana.eu\/lt\/2024\/04\/24\/2023-m-vlantana-tvarumo-ataskaita-lyderyste-tvarioje-ir-socialiai-atsakingoje-logistikoje\/"},"wordCount":192,"commentCount":0,"publisher":{"@id":"https:\/\/vlantana.eu\/lt\/#organization"},"image":{"@id":"https:\/\/vlantana.eu\/lt\/2024\/04\/24\/2023-m-vlantana-tvarumo-ataskaita-lyderyste-tvarioje-ir-socialiai-atsakingoje-logistikoje\/#primaryimage"},"thumbnailUrl":"https:\/\/vlantana.eu\/wp-content\/uploads\/2024\/04\/Screenshot-2024-04-15-133647-1.png","keywords":["CSR","Tvarumas","vlantana"],"articleSection":["Naujienos"],"inLanguage":"lt-LT","potentialAction":[{"@type":"CommentAction","name":"Comment","target":["https:\/\/vlantana.eu\/lt\/2024\/04\/24\/2023-m-vlantana-tvarumo-ataskaita-lyderyste-tvarioje-ir-socialiai-atsakingoje-logistikoje\/#respond"]}]},{"@type":"WebPage","@id":"https:\/\/vlantana.eu\/lt\/2024\/04\/24\/2023-m-vlantana-tvarumo-ataskaita-lyderyste-tvarioje-ir-socialiai-atsakingoje-logistikoje\/","url":"https:\/\/vlantana.eu\/lt\/2024\/04\/24\/2023-m-vlantana-tvarumo-ataskaita-lyderyste-tvarioje-ir-socialiai-atsakingoje-logistikoje\/","name":"2023 m. Vlantana tvarumo ataskaita","isPartOf":{"@id":"https:\/\/vlantana.eu\/lt\/#website"},"primaryImageOfPage":{"@id":"https:\/\/vlantana.eu\/lt\/2024\/04\/24\/2023-m-vlantana-tvarumo-ataskaita-lyderyste-tvarioje-ir-socialiai-atsakingoje-logistikoje\/#primaryimage"},"image":{"@id":"https:\/\/vlantana.eu\/lt\/2024\/04\/24\/2023-m-vlantana-tvarumo-ataskaita-lyderyste-tvarioje-ir-socialiai-atsakingoje-logistikoje\/#primaryimage"},"thumbnailUrl":"https:\/\/vlantana.eu\/wp-content\/uploads\/2024\/04\/Screenshot-2024-04-15-133647-1.png","datePublished":"2024-04-24T13:35:38+00:00","dateModified":"2024-04-24T13:36:45+00:00","description":"Susipa\u017einkite su \"Vlantana\" 2023 m. \u012fmoni\u0173 socialin\u0117s atsakomyb\u0117s ataskaita, kurioje atsispindi m\u016bs\u0173 \u012fsipareigojimas tvarumui ir atsakingai logistikai. Atraskite m\u016bs\u0173 iniciatyvas \u2013 nuo ekologi\u0161k\u0173 transporto priemoni\u0173 park\u0173 pl\u0117tros iki atliek\u0173 kiek\u012f ma\u017einan\u010di\u0173 skaitmenini\u0173 transformacij\u0173. Prisijunkite prie m\u016bs\u0173 kuriant tvari\u0105 ateit\u012f.","breadcrumb":{"@id":"https:\/\/vlantana.eu\/lt\/2024\/04\/24\/2023-m-vlantana-tvarumo-ataskaita-lyderyste-tvarioje-ir-socialiai-atsakingoje-logistikoje\/#breadcrumb"},"inLanguage":"lt-LT","potentialAction":[{"@type":"ReadAction","target":["https:\/\/vlantana.eu\/lt\/2024\/04\/24\/2023-m-vlantana-tvarumo-ataskaita-lyderyste-tvarioje-ir-socialiai-atsakingoje-logistikoje\/"]}]},{"@type":"ImageObject","inLanguage":"lt-LT","@id":"https:\/\/vlantana.eu\/lt\/2024\/04\/24\/2023-m-vlantana-tvarumo-ataskaita-lyderyste-tvarioje-ir-socialiai-atsakingoje-logistikoje\/#primaryimage","url":"https:\/\/vlantana.eu\/wp-content\/uploads\/2024\/04\/Screenshot-2024-04-15-133647-1.png","contentUrl":"https:\/\/vlantana.eu\/wp-content\/uploads\/2024\/04\/Screenshot-2024-04-15-133647-1.png","width":886,"height":1147},{"@type":"BreadcrumbList","@id":"https:\/\/vlantana.eu\/lt\/2024\/04\/24\/2023-m-vlantana-tvarumo-ataskaita-lyderyste-tvarioje-ir-socialiai-atsakingoje-logistikoje\/#breadcrumb","itemListElement":[{"@type":"ListItem","position":1,"name":"Home","item":"https:\/\/vlantana.eu\/lt\/"},{"@type":"ListItem","position":2,"name":"2023 m. Vlantana tvarumo ataskaita: Lyderyst\u0117 tvarioje ir socialiai atsakingoje logistikoje"}]},{"@type":"WebSite","@id":"https:\/\/vlantana.eu\/lt\/#website","url":"https:\/\/vlantana.eu\/lt\/","name":"Vlantana","description":"","publisher":{"@id":"https:\/\/vlantana.eu\/lt\/#organization"},"potentialAction":[{"@type":"SearchAction","target":{"@type":"EntryPoint","urlTemplate":"https:\/\/vlantana.eu\/lt\/?s={search_term_string}"},"query-input":{"@type":"PropertyValueSpecification","valueRequired":true,"valueName":"search_term_string"}}],"inLanguage":"lt-LT"},{"@type":"Organization","@id":"https:\/\/vlantana.eu\/lt\/#organization","name":"Vlantana","url":"https:\/\/vlantana.eu\/lt\/","logo":{"@type":"ImageObject","inLanguage":"lt-LT","@id":"https:\/\/vlantana.eu\/lt\/#\/schema\/logo\/image\/","url":"https:\/\/vlantana.eu\/wp-content\/uploads\/2020\/05\/VL-logo-spal.svg","contentUrl":"https:\/\/vlantana.eu\/wp-content\/uploads\/2020\/05\/VL-logo-spal.svg","width":"1024","height":"1024","caption":"Vlantana"},"image":{"@id":"https:\/\/vlantana.eu\/lt\/#\/schema\/logo\/image\/"},"sameAs":["https:\/\/www.facebook.com\/Vlantana\/","https:\/\/www.linkedin.com\/company\/vlantana-uab"]},{"@type":"Person","@id":"https:\/\/vlantana.eu\/lt\/#\/schema\/person\/1cea88ea4d2825bf9ab500331d09d6d1","name":"Indr\u0117 Sr\u0117bali\u016bt\u0117-Kliminsk\u0117"}]}},"_links":{"self":[{"href":"https:\/\/vlantana.eu\/lt\/wp-json\/wp\/v2\/posts\/7765"}],"collection":[{"href":"https:\/\/vlantana.eu\/lt\/wp-json\/wp\/v2\/posts"}],"about":[{"href":"https:\/\/vlantana.eu\/lt\/wp-json\/wp\/v2\/types\/post"}],"author":[{"embeddable":true,"href":"https:\/\/vlantana.eu\/lt\/wp-json\/wp\/v2\/users\/6"}],"replies":[{"embeddable":true,"href":"https:\/\/vlantana.eu\/lt\/wp-json\/wp\/v2\/comments?post=7765"}],"version-history":[{"count":5,"href":"https:\/\/vlantana.eu\/lt\/wp-json\/wp\/v2\/posts\/7765\/revisions"}],"predecessor-version":[{"id":7770,"href":"https:\/\/vlantana.eu\/lt\/wp-json\/wp\/v2\/posts\/7765\/revisions\/7770"}],"wp:featuredmedia":[{"embeddable":true,"href":"https:\/\/vlantana.eu\/lt\/wp-json\/wp\/v2\/media\/7744"}],"wp:attachment":[{"href":"https:\/\/vlantana.eu\/lt\/wp-json\/wp\/v2\/media?parent=7765"}],"wp:term":[{"taxonomy":"category","embeddable":true,"href":"https:\/\/vlantana.eu\/lt\/wp-json\/wp\/v2\/categories?post=7765"},{"taxonomy":"post_tag","embeddable":true,"href":"https:\/\/vlantana.eu\/lt\/wp-json\/wp\/v2\/tags?post=7765"}],"curies":[{"name":"wp","href":"https:\/\/api.w.org\/{rel}","templated":true}]}}