{"id":8353,"date":"2024-07-03T11:19:32","date_gmt":"2024-07-03T08:19:32","guid":{"rendered":"https:\/\/vlantana.eu\/?p=8353"},"modified":"2024-07-03T11:22:18","modified_gmt":"2024-07-03T08:22:18","slug":"dujiniai-volvo-sunkvezimiai-pildo-vlantana-parka","status":"publish","type":"post","link":"https:\/\/vlantana.eu\/lt\/2024\/07\/03\/dujiniai-volvo-sunkvezimiai-pildo-vlantana-parka\/","title":{"rendered":"Dujiniai \u201eVolvo\u201d sunkve\u017eimiai pildo \u201eVlantana\u201c park\u0105"},"content":{"rendered":"\n<p><strong>Klaip\u0117dos rajone \u012fsik\u016brusi \u201eVlantana\u201c savo park\u0105 \u0161iemet papildys 65 naujais dujiniais \u201eVolvo FH\u201c vilkikais. Pirmieji 7 dujomis varomi vilkikai transporto \u012fmon\u0119 pasiek\u0117 bir\u017eelio pabaigoje, likusieji bus pristatyti iki rugs\u0117jo.<\/strong><\/p>\n\n\n\n<p>\u201eVlantana\u201c \u017eengia dar vien\u0105 svarb\u0173 \u017eingsn\u012f tvaresnio ir \u0161varesnio transportavimo&nbsp;link su kryptinga investicija \u012f alternatyviais degalais varomas transporto priemones ir j\u0173 u\u017epildymo infrastrukt\u016br\u0105. Bendrov\u0117 u\u017esisak\u0117 65 dujomis varomus \u201eVolvo FH\u201c vilkikus, kurie bendrovei pad\u0117s ma\u017einti \u012f aplink\u0105 i\u0161metamo CO2 kiek\u012f bei didinti pirmosios Lietuvoje suskystint\u0173 ir susl\u0117gt\u0173 duj\u0173 u\u017epildymo stoties efektyvum\u0105 tiek nuosavam transporto parkui, tiek kitiems ve\u017e\u0117jams.<\/p>\n\n\n\n<p>\u201eSavo veikloje atsi\u017evelgiame \u012f ES \u017ealiojo kurso tikslus ir siekiame maksimaliai \u012fsitraukti \u012f tar\u0161os ma\u017einimo priemones (fit for 55),&nbsp;diversifikuojant savo transporto priemoni\u0173 park\u0105 jau dabar. Manome, kad m\u016bs\u0173 investicijos \u012f nuosav\u0105 suskystint\u0173 gamtini\u0173&nbsp;duj\u0173 stot\u012f ir \u012f dujomis varom\u0173 vilkik\u0173&nbsp;skai\u010diaus parke didinim\u0105 yra svarbi klimato kaitos ma\u017einimo priemon\u0117. Tikim\u0117s, kad ji pad\u0117s&nbsp;sustiprinti m\u016bs\u0173 pozicijas perve\u017eim\u0173 paslaug\u0173 rinkoje bei geriau atliepti&nbsp;m\u016bs\u0173 klient\u0173 l\u016bkes\u010dius, bei i\u0161laikyti transporto rentabilum\u0105,\u201c \u2013&nbsp;sako Sabina Chochrina, UAB \u201eVlantana\u201c generalin\u0117 direktor\u0117.<\/p>\n\n\n\n<p>Pirmieji septyni dujomis varomi \u201eVolvo FH\u201d 4&#215;2 konfig\u016bracijos vilkikai darbui su suskystintomis gamtin\u0117mis ir biodujomis pritaikytais varikliais buvo pristatyti bir\u017eelio pabaigoje. \u201eVolvo G13C\u201c variklis i\u0161vysto tok\u012f pat\u012f 460 AG ir 2 300 Nm sukimo moment\u0105 kaip ir dyzelin\u0117 j\u0117gain\u0117, ta\u010diau pasi\u017eymi kur kas ma\u017eesne CO2 emisija. Naudojant suskystintas biodujas (bio SkGD), emisijos kiekis yra ma\u017eesnis iki 100 proc., arba 20 proc. naudojant gamtines dujas, lyginant su \u012fprastu dyzelinu varikliu.<\/p>\n\n\n\n<p>\u201eTransporto priemoni\u0173 gamintojai kartu su ve\u017e\u0117jais ir transporto paslaug\u0173 u\u017esakovais turi \u017eengti link \u0161varesn\u0117s ateities. Dujomis varomi sunkve\u017eimiai yra viena i\u0161 geriausi\u0173 alternatyv\u0173 dyzelinui. D\u017eiaugiam\u0117s gal\u0117dami pristatyti pirmuosius dujinius \u201eVolvo\u201c vilkikus \u201eVlantanai\u201c, kurie prisid\u0117s prie ve\u017e\u0117jo veiklos tvarumo ir pad\u0117s ma\u017einti anglies dioksido emisij\u0105 keli\u0173 transporto sektoriuje\u201c, &#8211; sako Nicholas Kjaer, \u201eVolvo Trucks Lietuva\u201c generalinis direktorius.<\/p>\n\n\n\n<p><strong>Pirmoji LNG kolon\u0117l\u0117 Lietuvoje<\/strong><\/p>\n\n\n\n<p>Bir\u017eel\u012f \u201eVlantana\u201d tapo pirm\u0105j\u0105 kompanija Lietuvoje, \u012frengusia suskystint\u0173 ir susl\u0117gt\u0173 gamtini\u0173 duj\u0173 u\u017epildymo stot\u012f. Duj\u0173 u\u017epildymo dispenseriai yra pritaikyti \u012fvairi\u0173 gamintoj\u0173 transporto priemon\u0117ms. 12 metr\u0173 auk\u0161\u010dio u\u017epildymo stotis yra 80 t\u016bkst. litr\u0173 talpos, o jos pildymo srautas siekia nuo 2,5 t\u016bkst. iki 4,5 t\u016bkst. kg\/val. Bendrov\u0117 gali u\u017epildyti iki 20 sunkve\u017eimi\u0173 per valand\u0105.<\/p>\n\n\n\n<figure class=\"wp-block-gallery has-nested-images columns-default is-cropped wp-block-gallery-1 is-layout-flex wp-block-gallery-is-layout-flex\">\n<figure class=\"wp-block-image size-large\"><img loading=\"lazy\" decoding=\"async\" width=\"1024\" height=\"683\" data-id=\"8360\" src=\"https:\/\/vlantana.eu\/wp-content\/uploads\/2024\/07\/DSC05096_nat-1024x683.jpg\" alt=\"\" class=\"wp-image-8360\" srcset=\"https:\/\/vlantana.eu\/wp-content\/uploads\/2024\/07\/DSC05096_nat-1024x683.jpg 1024w, https:\/\/vlantana.eu\/wp-content\/uploads\/2024\/07\/DSC05096_nat-300x200.jpg 300w, https:\/\/vlantana.eu\/wp-content\/uploads\/2024\/07\/DSC05096_nat-768x512.jpg 768w, https:\/\/vlantana.eu\/wp-content\/uploads\/2024\/07\/DSC05096_nat-1536x1024.jpg 1536w, https:\/\/vlantana.eu\/wp-content\/uploads\/2024\/07\/DSC05096_nat-2048x1366.jpg 2048w\" sizes=\"(max-width: 1024px) 100vw, 1024px\" \/><\/figure>\n\n\n\n<figure class=\"wp-block-image size-large\"><img loading=\"lazy\" decoding=\"async\" width=\"1024\" height=\"683\" data-id=\"8363\" src=\"https:\/\/vlantana.eu\/wp-content\/uploads\/2024\/07\/DSC05330_natpataisyta-1024x683.jpg\" alt=\"\" class=\"wp-image-8363\" srcset=\"https:\/\/vlantana.eu\/wp-content\/uploads\/2024\/07\/DSC05330_natpataisyta-1024x683.jpg 1024w, https:\/\/vlantana.eu\/wp-content\/uploads\/2024\/07\/DSC05330_natpataisyta-300x200.jpg 300w, https:\/\/vlantana.eu\/wp-content\/uploads\/2024\/07\/DSC05330_natpataisyta-768x512.jpg 768w, https:\/\/vlantana.eu\/wp-content\/uploads\/2024\/07\/DSC05330_natpataisyta-1536x1024.jpg 1536w, https:\/\/vlantana.eu\/wp-content\/uploads\/2024\/07\/DSC05330_natpataisyta-2048x1365.jpg 2048w\" sizes=\"(max-width: 1024px) 100vw, 1024px\" \/><\/figure>\n\n\n\n<figure class=\"wp-block-image size-large\"><img loading=\"lazy\" decoding=\"async\" width=\"1024\" height=\"683\" data-id=\"8366\" src=\"https:\/\/vlantana.eu\/wp-content\/uploads\/2024\/07\/DSC05342_nat-1024x683.jpg\" alt=\"\" class=\"wp-image-8366\" srcset=\"https:\/\/vlantana.eu\/wp-content\/uploads\/2024\/07\/DSC05342_nat-1024x683.jpg 1024w, https:\/\/vlantana.eu\/wp-content\/uploads\/2024\/07\/DSC05342_nat-300x200.jpg 300w, https:\/\/vlantana.eu\/wp-content\/uploads\/2024\/07\/DSC05342_nat-768x512.jpg 768w, https:\/\/vlantana.eu\/wp-content\/uploads\/2024\/07\/DSC05342_nat-1536x1024.jpg 1536w, https:\/\/vlantana.eu\/wp-content\/uploads\/2024\/07\/DSC05342_nat-2048x1366.jpg 2048w\" sizes=\"(max-width: 1024px) 100vw, 1024px\" \/><\/figure>\n<\/figure>\n","protected":false},"excerpt":{"rendered":"<p>Klaip\u0117dos rajone \u012fsik\u016brusi \u201eVlantana\u201c savo park\u0105 \u0161iemet papildys 65 naujais dujiniais \u201eVolvo FH\u201c vilkikais. Pirmieji 7 dujomis varomi vilkikai transporto \u012fmon\u0119 pasiek\u0117 bir\u017eelio pabaigoje, likusieji bus pristatyti iki rugs\u0117jo. \u201eVlantana\u201c \u017eengia dar vien\u0105 svarb\u0173 \u017eingsn\u012f tvaresnio ir \u0161varesnio transportavimo&nbsp;link su kryptinga investicija \u012f alternatyviais degalais varomas transporto priemones ir j\u0173 u\u017epildymo infrastrukt\u016br\u0105. Bendrov\u0117 u\u017esisak\u0117 65 [&hellip;]<\/p>\n","protected":false},"author":6,"featured_media":8369,"comment_status":"open","ping_status":"open","sticky":false,"template":"","format":"standard","meta":{"_acf_changed":false,"inline_featured_image":false,"footnotes":""},"categories":[8],"tags":[],"class_list":["post-8353","post","type-post","status-publish","format-standard","has-post-thumbnail","hentry","category-naujienos"],"acf":[],"yoast_head":"<!-- This site is optimized with the Yoast SEO plugin v25.6 - https:\/\/yoast.com\/wordpress\/plugins\/seo\/ -->\n<title>Dujiniai \u201eVolvo\u201d sunkve\u017eimiai pildo \u201eVlantana\u201c park\u0105 - vlantana.eu<\/title>\n<meta name=\"description\" content=\"Klaip\u0117dos rajone \u012fsik\u016brusi \u201eVlantana\u201c savo park\u0105 \u0161iemet papildys 65 naujais dujiniais \u201eVolvo FH\u201c vilkikais. Pirmieji 7 dujomis varomi vilkikai transporto \u012fmon\u0119 pasiek\u0117 bir\u017eelio pabaigoje, likusieji bus pristatyti iki rugs\u0117jo.\" \/>\n<meta name=\"robots\" content=\"index, follow, max-snippet:-1, max-image-preview:large, max-video-preview:-1\" \/>\n<link rel=\"canonical\" href=\"https:\/\/vlantana.eu\/lt\/2024\/07\/03\/dujiniai-volvo-sunkvezimiai-pildo-vlantana-parka\/\" \/>\n<meta property=\"og:locale\" content=\"lt_LT\" \/>\n<meta property=\"og:type\" content=\"article\" \/>\n<meta property=\"og:title\" content=\"Dujiniai \u201eVolvo\u201d sunkve\u017eimiai pildo \u201eVlantana\u201c park\u0105 - vlantana.eu\" \/>\n<meta property=\"og:description\" content=\"Klaip\u0117dos rajone \u012fsik\u016brusi \u201eVlantana\u201c savo park\u0105 \u0161iemet papildys 65 naujais dujiniais \u201eVolvo FH\u201c vilkikais. Pirmieji 7 dujomis varomi vilkikai transporto \u012fmon\u0119 pasiek\u0117 bir\u017eelio pabaigoje, likusieji bus pristatyti iki rugs\u0117jo.\" \/>\n<meta property=\"og:url\" content=\"https:\/\/vlantana.eu\/lt\/2024\/07\/03\/dujiniai-volvo-sunkvezimiai-pildo-vlantana-parka\/\" \/>\n<meta property=\"og:site_name\" content=\"Vlantana\" \/>\n<meta property=\"article:publisher\" content=\"https:\/\/www.facebook.com\/Vlantana\/\" \/>\n<meta property=\"article:published_time\" content=\"2024-07-03T08:19:32+00:00\" \/>\n<meta property=\"article:modified_time\" content=\"2024-07-03T08:22:18+00:00\" \/>\n<meta property=\"og:image\" content=\"https:\/\/vlantana.eu\/wp-content\/uploads\/2024\/07\/DSC05145_natpataisyta-1-scaled.jpg\" \/>\n\t<meta property=\"og:image:width\" content=\"1707\" \/>\n\t<meta property=\"og:image:height\" content=\"2560\" \/>\n\t<meta property=\"og:image:type\" content=\"image\/jpeg\" \/>\n<meta name=\"author\" content=\"Indr\u0117 Sr\u0117bali\u016bt\u0117-Kliminsk\u0117\" \/>\n<meta name=\"twitter:card\" content=\"summary_large_image\" \/>\n<meta name=\"twitter:label1\" content=\"Written by\" \/>\n\t<meta name=\"twitter:data1\" content=\"Indr\u0117 Sr\u0117bali\u016bt\u0117-Kliminsk\u0117\" \/>\n\t<meta name=\"twitter:label2\" content=\"Est. reading time\" \/>\n\t<meta name=\"twitter:data2\" content=\"3 minut\u0117s\" \/>\n<script type=\"application\/ld+json\" class=\"yoast-schema-graph\">{\"@context\":\"https:\/\/schema.org\",\"@graph\":[{\"@type\":\"Article\",\"@id\":\"https:\/\/vlantana.eu\/lt\/2024\/07\/03\/dujiniai-volvo-sunkvezimiai-pildo-vlantana-parka\/#article\",\"isPartOf\":{\"@id\":\"https:\/\/vlantana.eu\/lt\/2024\/07\/03\/dujiniai-volvo-sunkvezimiai-pildo-vlantana-parka\/\"},\"author\":{\"name\":\"Indr\u0117 Sr\u0117bali\u016bt\u0117-Kliminsk\u0117\",\"@id\":\"https:\/\/vlantana.eu\/lt\/#\/schema\/person\/1cea88ea4d2825bf9ab500331d09d6d1\"},\"headline\":\"Dujiniai \u201eVolvo\u201d sunkve\u017eimiai pildo \u201eVlantana\u201c park\u0105\",\"datePublished\":\"2024-07-03T08:19:32+00:00\",\"dateModified\":\"2024-07-03T08:22:18+00:00\",\"mainEntityOfPage\":{\"@id\":\"https:\/\/vlantana.eu\/lt\/2024\/07\/03\/dujiniai-volvo-sunkvezimiai-pildo-vlantana-parka\/\"},\"wordCount\":404,\"commentCount\":0,\"publisher\":{\"@id\":\"https:\/\/vlantana.eu\/lt\/#organization\"},\"image\":{\"@id\":\"https:\/\/vlantana.eu\/lt\/2024\/07\/03\/dujiniai-volvo-sunkvezimiai-pildo-vlantana-parka\/#primaryimage\"},\"thumbnailUrl\":\"https:\/\/vlantana.eu\/wp-content\/uploads\/2024\/07\/DSC05145_natpataisyta-1-scaled.jpg\",\"articleSection\":[\"Naujienos\"],\"inLanguage\":\"lt-LT\",\"potentialAction\":[{\"@type\":\"CommentAction\",\"name\":\"Comment\",\"target\":[\"https:\/\/vlantana.eu\/lt\/2024\/07\/03\/dujiniai-volvo-sunkvezimiai-pildo-vlantana-parka\/#respond\"]}]},{\"@type\":\"WebPage\",\"@id\":\"https:\/\/vlantana.eu\/lt\/2024\/07\/03\/dujiniai-volvo-sunkvezimiai-pildo-vlantana-parka\/\",\"url\":\"https:\/\/vlantana.eu\/lt\/2024\/07\/03\/dujiniai-volvo-sunkvezimiai-pildo-vlantana-parka\/\",\"name\":\"Dujiniai \u201eVolvo\u201d sunkve\u017eimiai pildo \u201eVlantana\u201c park\u0105 - vlantana.eu\",\"isPartOf\":{\"@id\":\"https:\/\/vlantana.eu\/lt\/#website\"},\"primaryImageOfPage\":{\"@id\":\"https:\/\/vlantana.eu\/lt\/2024\/07\/03\/dujiniai-volvo-sunkvezimiai-pildo-vlantana-parka\/#primaryimage\"},\"image\":{\"@id\":\"https:\/\/vlantana.eu\/lt\/2024\/07\/03\/dujiniai-volvo-sunkvezimiai-pildo-vlantana-parka\/#primaryimage\"},\"thumbnailUrl\":\"https:\/\/vlantana.eu\/wp-content\/uploads\/2024\/07\/DSC05145_natpataisyta-1-scaled.jpg\",\"datePublished\":\"2024-07-03T08:19:32+00:00\",\"dateModified\":\"2024-07-03T08:22:18+00:00\",\"description\":\"Klaip\u0117dos rajone \u012fsik\u016brusi \u201eVlantana\u201c savo park\u0105 \u0161iemet papildys 65 naujais dujiniais \u201eVolvo FH\u201c vilkikais. Pirmieji 7 dujomis varomi vilkikai transporto \u012fmon\u0119 pasiek\u0117 bir\u017eelio pabaigoje, likusieji bus pristatyti iki rugs\u0117jo.\",\"breadcrumb\":{\"@id\":\"https:\/\/vlantana.eu\/lt\/2024\/07\/03\/dujiniai-volvo-sunkvezimiai-pildo-vlantana-parka\/#breadcrumb\"},\"inLanguage\":\"lt-LT\",\"potentialAction\":[{\"@type\":\"ReadAction\",\"target\":[\"https:\/\/vlantana.eu\/lt\/2024\/07\/03\/dujiniai-volvo-sunkvezimiai-pildo-vlantana-parka\/\"]}]},{\"@type\":\"ImageObject\",\"inLanguage\":\"lt-LT\",\"@id\":\"https:\/\/vlantana.eu\/lt\/2024\/07\/03\/dujiniai-volvo-sunkvezimiai-pildo-vlantana-parka\/#primaryimage\",\"url\":\"https:\/\/vlantana.eu\/wp-content\/uploads\/2024\/07\/DSC05145_natpataisyta-1-scaled.jpg\",\"contentUrl\":\"https:\/\/vlantana.eu\/wp-content\/uploads\/2024\/07\/DSC05145_natpataisyta-1-scaled.jpg\",\"width\":1707,\"height\":2560},{\"@type\":\"BreadcrumbList\",\"@id\":\"https:\/\/vlantana.eu\/lt\/2024\/07\/03\/dujiniai-volvo-sunkvezimiai-pildo-vlantana-parka\/#breadcrumb\",\"itemListElement\":[{\"@type\":\"ListItem\",\"position\":1,\"name\":\"Home\",\"item\":\"https:\/\/vlantana.eu\/lt\/\"},{\"@type\":\"ListItem\",\"position\":2,\"name\":\"Dujiniai \u201eVolvo\u201d sunkve\u017eimiai pildo \u201eVlantana\u201c park\u0105\"}]},{\"@type\":\"WebSite\",\"@id\":\"https:\/\/vlantana.eu\/lt\/#website\",\"url\":\"https:\/\/vlantana.eu\/lt\/\",\"name\":\"Vlantana\",\"description\":\"\",\"publisher\":{\"@id\":\"https:\/\/vlantana.eu\/lt\/#organization\"},\"potentialAction\":[{\"@type\":\"SearchAction\",\"target\":{\"@type\":\"EntryPoint\",\"urlTemplate\":\"https:\/\/vlantana.eu\/lt\/?s={search_term_string}\"},\"query-input\":{\"@type\":\"PropertyValueSpecification\",\"valueRequired\":true,\"valueName\":\"search_term_string\"}}],\"inLanguage\":\"lt-LT\"},{\"@type\":\"Organization\",\"@id\":\"https:\/\/vlantana.eu\/lt\/#organization\",\"name\":\"Vlantana\",\"url\":\"https:\/\/vlantana.eu\/lt\/\",\"logo\":{\"@type\":\"ImageObject\",\"inLanguage\":\"lt-LT\",\"@id\":\"https:\/\/vlantana.eu\/lt\/#\/schema\/logo\/image\/\",\"url\":\"https:\/\/vlantana.eu\/wp-content\/uploads\/2020\/05\/VL-logo-spal.svg\",\"contentUrl\":\"https:\/\/vlantana.eu\/wp-content\/uploads\/2020\/05\/VL-logo-spal.svg\",\"width\":\"1024\",\"height\":\"1024\",\"caption\":\"Vlantana\"},\"image\":{\"@id\":\"https:\/\/vlantana.eu\/lt\/#\/schema\/logo\/image\/\"},\"sameAs\":[\"https:\/\/www.facebook.com\/Vlantana\/\",\"https:\/\/www.linkedin.com\/company\/vlantana-uab\"]},{\"@type\":\"Person\",\"@id\":\"https:\/\/vlantana.eu\/lt\/#\/schema\/person\/1cea88ea4d2825bf9ab500331d09d6d1\",\"name\":\"Indr\u0117 Sr\u0117bali\u016bt\u0117-Kliminsk\u0117\"}]}<\/script>\n<!-- \/ Yoast SEO plugin. -->","yoast_head_json":{"title":"Dujiniai \u201eVolvo\u201d sunkve\u017eimiai pildo \u201eVlantana\u201c park\u0105 - vlantana.eu","description":"Klaip\u0117dos rajone \u012fsik\u016brusi \u201eVlantana\u201c savo park\u0105 \u0161iemet papildys 65 naujais dujiniais \u201eVolvo FH\u201c vilkikais. Pirmieji 7 dujomis varomi vilkikai transporto \u012fmon\u0119 pasiek\u0117 bir\u017eelio pabaigoje, likusieji bus pristatyti iki rugs\u0117jo.","robots":{"index":"index","follow":"follow","max-snippet":"max-snippet:-1","max-image-preview":"max-image-preview:large","max-video-preview":"max-video-preview:-1"},"canonical":"https:\/\/vlantana.eu\/lt\/2024\/07\/03\/dujiniai-volvo-sunkvezimiai-pildo-vlantana-parka\/","og_locale":"lt_LT","og_type":"article","og_title":"Dujiniai \u201eVolvo\u201d sunkve\u017eimiai pildo \u201eVlantana\u201c park\u0105 - vlantana.eu","og_description":"Klaip\u0117dos rajone \u012fsik\u016brusi \u201eVlantana\u201c savo park\u0105 \u0161iemet papildys 65 naujais dujiniais \u201eVolvo FH\u201c vilkikais. Pirmieji 7 dujomis varomi vilkikai transporto \u012fmon\u0119 pasiek\u0117 bir\u017eelio pabaigoje, likusieji bus pristatyti iki rugs\u0117jo.","og_url":"https:\/\/vlantana.eu\/lt\/2024\/07\/03\/dujiniai-volvo-sunkvezimiai-pildo-vlantana-parka\/","og_site_name":"Vlantana","article_publisher":"https:\/\/www.facebook.com\/Vlantana\/","article_published_time":"2024-07-03T08:19:32+00:00","article_modified_time":"2024-07-03T08:22:18+00:00","og_image":[{"width":1707,"height":2560,"url":"https:\/\/vlantana.eu\/wp-content\/uploads\/2024\/07\/DSC05145_natpataisyta-1-scaled.jpg","type":"image\/jpeg"}],"author":"Indr\u0117 Sr\u0117bali\u016bt\u0117-Kliminsk\u0117","twitter_card":"summary_large_image","twitter_misc":{"Written by":"Indr\u0117 Sr\u0117bali\u016bt\u0117-Kliminsk\u0117","Est. reading time":"3 minut\u0117s"},"schema":{"@context":"https:\/\/schema.org","@graph":[{"@type":"Article","@id":"https:\/\/vlantana.eu\/lt\/2024\/07\/03\/dujiniai-volvo-sunkvezimiai-pildo-vlantana-parka\/#article","isPartOf":{"@id":"https:\/\/vlantana.eu\/lt\/2024\/07\/03\/dujiniai-volvo-sunkvezimiai-pildo-vlantana-parka\/"},"author":{"name":"Indr\u0117 Sr\u0117bali\u016bt\u0117-Kliminsk\u0117","@id":"https:\/\/vlantana.eu\/lt\/#\/schema\/person\/1cea88ea4d2825bf9ab500331d09d6d1"},"headline":"Dujiniai \u201eVolvo\u201d sunkve\u017eimiai pildo \u201eVlantana\u201c park\u0105","datePublished":"2024-07-03T08:19:32+00:00","dateModified":"2024-07-03T08:22:18+00:00","mainEntityOfPage":{"@id":"https:\/\/vlantana.eu\/lt\/2024\/07\/03\/dujiniai-volvo-sunkvezimiai-pildo-vlantana-parka\/"},"wordCount":404,"commentCount":0,"publisher":{"@id":"https:\/\/vlantana.eu\/lt\/#organization"},"image":{"@id":"https:\/\/vlantana.eu\/lt\/2024\/07\/03\/dujiniai-volvo-sunkvezimiai-pildo-vlantana-parka\/#primaryimage"},"thumbnailUrl":"https:\/\/vlantana.eu\/wp-content\/uploads\/2024\/07\/DSC05145_natpataisyta-1-scaled.jpg","articleSection":["Naujienos"],"inLanguage":"lt-LT","potentialAction":[{"@type":"CommentAction","name":"Comment","target":["https:\/\/vlantana.eu\/lt\/2024\/07\/03\/dujiniai-volvo-sunkvezimiai-pildo-vlantana-parka\/#respond"]}]},{"@type":"WebPage","@id":"https:\/\/vlantana.eu\/lt\/2024\/07\/03\/dujiniai-volvo-sunkvezimiai-pildo-vlantana-parka\/","url":"https:\/\/vlantana.eu\/lt\/2024\/07\/03\/dujiniai-volvo-sunkvezimiai-pildo-vlantana-parka\/","name":"Dujiniai \u201eVolvo\u201d sunkve\u017eimiai pildo \u201eVlantana\u201c park\u0105 - vlantana.eu","isPartOf":{"@id":"https:\/\/vlantana.eu\/lt\/#website"},"primaryImageOfPage":{"@id":"https:\/\/vlantana.eu\/lt\/2024\/07\/03\/dujiniai-volvo-sunkvezimiai-pildo-vlantana-parka\/#primaryimage"},"image":{"@id":"https:\/\/vlantana.eu\/lt\/2024\/07\/03\/dujiniai-volvo-sunkvezimiai-pildo-vlantana-parka\/#primaryimage"},"thumbnailUrl":"https:\/\/vlantana.eu\/wp-content\/uploads\/2024\/07\/DSC05145_natpataisyta-1-scaled.jpg","datePublished":"2024-07-03T08:19:32+00:00","dateModified":"2024-07-03T08:22:18+00:00","description":"Klaip\u0117dos rajone \u012fsik\u016brusi \u201eVlantana\u201c savo park\u0105 \u0161iemet papildys 65 naujais dujiniais \u201eVolvo FH\u201c vilkikais. Pirmieji 7 dujomis varomi vilkikai transporto \u012fmon\u0119 pasiek\u0117 bir\u017eelio pabaigoje, likusieji bus pristatyti iki rugs\u0117jo.","breadcrumb":{"@id":"https:\/\/vlantana.eu\/lt\/2024\/07\/03\/dujiniai-volvo-sunkvezimiai-pildo-vlantana-parka\/#breadcrumb"},"inLanguage":"lt-LT","potentialAction":[{"@type":"ReadAction","target":["https:\/\/vlantana.eu\/lt\/2024\/07\/03\/dujiniai-volvo-sunkvezimiai-pildo-vlantana-parka\/"]}]},{"@type":"ImageObject","inLanguage":"lt-LT","@id":"https:\/\/vlantana.eu\/lt\/2024\/07\/03\/dujiniai-volvo-sunkvezimiai-pildo-vlantana-parka\/#primaryimage","url":"https:\/\/vlantana.eu\/wp-content\/uploads\/2024\/07\/DSC05145_natpataisyta-1-scaled.jpg","contentUrl":"https:\/\/vlantana.eu\/wp-content\/uploads\/2024\/07\/DSC05145_natpataisyta-1-scaled.jpg","width":1707,"height":2560},{"@type":"BreadcrumbList","@id":"https:\/\/vlantana.eu\/lt\/2024\/07\/03\/dujiniai-volvo-sunkvezimiai-pildo-vlantana-parka\/#breadcrumb","itemListElement":[{"@type":"ListItem","position":1,"name":"Home","item":"https:\/\/vlantana.eu\/lt\/"},{"@type":"ListItem","position":2,"name":"Dujiniai \u201eVolvo\u201d sunkve\u017eimiai pildo \u201eVlantana\u201c park\u0105"}]},{"@type":"WebSite","@id":"https:\/\/vlantana.eu\/lt\/#website","url":"https:\/\/vlantana.eu\/lt\/","name":"Vlantana","description":"","publisher":{"@id":"https:\/\/vlantana.eu\/lt\/#organization"},"potentialAction":[{"@type":"SearchAction","target":{"@type":"EntryPoint","urlTemplate":"https:\/\/vlantana.eu\/lt\/?s={search_term_string}"},"query-input":{"@type":"PropertyValueSpecification","valueRequired":true,"valueName":"search_term_string"}}],"inLanguage":"lt-LT"},{"@type":"Organization","@id":"https:\/\/vlantana.eu\/lt\/#organization","name":"Vlantana","url":"https:\/\/vlantana.eu\/lt\/","logo":{"@type":"ImageObject","inLanguage":"lt-LT","@id":"https:\/\/vlantana.eu\/lt\/#\/schema\/logo\/image\/","url":"https:\/\/vlantana.eu\/wp-content\/uploads\/2020\/05\/VL-logo-spal.svg","contentUrl":"https:\/\/vlantana.eu\/wp-content\/uploads\/2020\/05\/VL-logo-spal.svg","width":"1024","height":"1024","caption":"Vlantana"},"image":{"@id":"https:\/\/vlantana.eu\/lt\/#\/schema\/logo\/image\/"},"sameAs":["https:\/\/www.facebook.com\/Vlantana\/","https:\/\/www.linkedin.com\/company\/vlantana-uab"]},{"@type":"Person","@id":"https:\/\/vlantana.eu\/lt\/#\/schema\/person\/1cea88ea4d2825bf9ab500331d09d6d1","name":"Indr\u0117 Sr\u0117bali\u016bt\u0117-Kliminsk\u0117"}]}},"_links":{"self":[{"href":"https:\/\/vlantana.eu\/lt\/wp-json\/wp\/v2\/posts\/8353"}],"collection":[{"href":"https:\/\/vlantana.eu\/lt\/wp-json\/wp\/v2\/posts"}],"about":[{"href":"https:\/\/vlantana.eu\/lt\/wp-json\/wp\/v2\/types\/post"}],"author":[{"embeddable":true,"href":"https:\/\/vlantana.eu\/lt\/wp-json\/wp\/v2\/users\/6"}],"replies":[{"embeddable":true,"href":"https:\/\/vlantana.eu\/lt\/wp-json\/wp\/v2\/comments?post=8353"}],"version-history":[{"count":2,"href":"https:\/\/vlantana.eu\/lt\/wp-json\/wp\/v2\/posts\/8353\/revisions"}],"predecessor-version":[{"id":8380,"href":"https:\/\/vlantana.eu\/lt\/wp-json\/wp\/v2\/posts\/8353\/revisions\/8380"}],"wp:featuredmedia":[{"embeddable":true,"href":"https:\/\/vlantana.eu\/lt\/wp-json\/wp\/v2\/media\/8369"}],"wp:attachment":[{"href":"https:\/\/vlantana.eu\/lt\/wp-json\/wp\/v2\/media?parent=8353"}],"wp:term":[{"taxonomy":"category","embeddable":true,"href":"https:\/\/vlantana.eu\/lt\/wp-json\/wp\/v2\/categories?post=8353"},{"taxonomy":"post_tag","embeddable":true,"href":"https:\/\/vlantana.eu\/lt\/wp-json\/wp\/v2\/tags?post=8353"}],"curies":[{"name":"wp","href":"https:\/\/api.w.org\/{rel}","templated":true}]}}